{"id":2153,"date":"2025-11-24T10:16:16","date_gmt":"2025-11-24T10:16:16","guid":{"rendered":"https:\/\/tdssuicidio.com\/suicidio-eutanasia-y-derecho-a-morir-dignamente\/"},"modified":"2025-12-05T09:43:34","modified_gmt":"2025-12-05T09:43:34","slug":"suicidio-eutanasia-y-derecho-a-morir-dignamente","status":"publish","type":"post","link":"https:\/\/tdssuicidio.com\/es\/suicidio-eutanasia-y-derecho-a-morir-dignamente\/","title":{"rendered":"Suicidio, Eutanasia y Derecho a Morir Dignamente"},"content":{"rendered":"\t\t<div data-elementor-type=\"wp-post\" data-elementor-id=\"2153\" class=\"elementor elementor-2153 elementor-1471\" data-elementor-post-type=\"post\">\n\t\t\t\t<div class=\"elementor-element elementor-element-7927405 e-flex e-con-boxed e-con e-parent\" data-id=\"7927405\" data-element_type=\"container\" data-e-type=\"container\">\n\t\t\t\t\t<div class=\"e-con-inner\">\n\t\t\t\t<div class=\"elementor-element elementor-element-47cd654 elementor-widget elementor-widget-heading\" data-id=\"47cd654\" data-element_type=\"widget\" data-e-type=\"widget\" data-widget_type=\"heading.default\">\n\t\t\t\t\t<h2 class=\"elementor-heading-title elementor-size-default\">di\u00e1logo sobre Suicidio, Eutanasia y Derecho a Morir Dignamente<\/h2>\t\t\t\t<\/div>\n\t\t\t\t\t<\/div>\n\t\t\t\t<\/div>\n\t\t<div class=\"elementor-element elementor-element-93b75a0 e-flex e-con-boxed e-con e-parent\" data-id=\"93b75a0\" data-element_type=\"container\" data-e-type=\"container\">\n\t\t\t\t\t<div class=\"e-con-inner\">\n\t\t\t\t<div class=\"elementor-element elementor-element-1df4171 elementor-widget elementor-widget-text-editor\" data-id=\"1df4171\" data-element_type=\"widget\" data-e-type=\"widget\" data-widget_type=\"text-editor.default\">\n\t\t\t\t\t\t\t\t\t<p>Figueres abre un espacio de di\u00e1logo sobre Suicidio, Eutanasia y Derecho a Morir Dignamente<br>La mesa redonda, organizada por la Asociaci\u00f3n Tramuntana Despr\u00e9s del Su\u00efcidi (TDS), re\u00fane a expertos y <br>supervivientes para diferenciar conceptos y defender una vida y una muerte dignas<br>Ayer por la noche, en el Cercle Sport de Figueres, se celebr\u00f3 una mesa redonda bajo el t\u00edtulo \u201cSuicidio, <br>Eutanasia y Derecho a Morir Dignamente\u201d, en el marco de la jornada organizada por TDS con motivo del D\u00eda <br>Internacional del Superviviente. El acto reuni\u00f3 tres voces con miradas complementarias: Carles <br>Alastuey, superviviente, psicopedagogo y Coordinador de Grupos de Apoyo de DSAS; la enfermera de Atenci\u00f3n <br>Primaria y referente de eutanasia, T\u00e0nit G\u00faell; y la docente y presidenta de la Asociaci\u00f3n Derecho a Morir Digna, <br>Cristina Vall\u00e8s.<br>El objetivo central de la mesa era aclarar conceptos, evitar confusiones entre suicidio y eutanasia y abrir un <br>espacio de debate sereno sobre el final de la vida. Desde TDS se remarc\u00f3 la necesidad de hablar de estos <br>temas con rigor, sensibilidad y respeto, huyendo tanto del morbo como de la simplificaci\u00f3n.  <\/p><p><span style=\"color: #993300;\"><a style=\"color: #993300;\" href=\"https:\/\/tdssuicidio.com\/wp-content\/uploads\/2025\/11\/Nota-De-Premsa-Taula-Rodona-Suicidi-Eutanasia-I-Dret-A-Morir-Dignament-%E2%80%93-26-11-25-1.pdf\">M\u00e1s informaci\u00f3n<\/a><\/span><\/p>\t\t\t\t\t\t\t\t<\/div>\n\t\t\t\t\t<\/div>\n\t\t\t\t<\/div>\n\t\t<div class=\"elementor-element elementor-element-870e1c1 e-flex e-con-boxed e-con e-parent\" data-id=\"870e1c1\" data-element_type=\"container\" data-e-type=\"container\">\n\t\t\t\t\t<div class=\"e-con-inner\">\n\t\t<div class=\"elementor-element elementor-element-2b76164 e-con-full e-flex e-con e-child\" data-id=\"2b76164\" data-element_type=\"container\" data-e-type=\"container\">\n\t\t\t\t<div class=\"elementor-element elementor-element-4190d1a elementor-widget elementor-widget-image\" data-id=\"4190d1a\" data-element_type=\"widget\" data-e-type=\"widget\" data-widget_type=\"image.default\">\n\t\t\t\t\t\t\t\t\t\t\t\t\t\t\t<img fetchpriority=\"high\" decoding=\"async\" width=\"768\" height=\"432\" src=\"https:\/\/tdssuicidio.com\/wp-content\/uploads\/2025\/11\/tota-la-taula-1-768x432.jpeg\" class=\"attachment-medium_large size-medium_large wp-image-2156\" alt=\"\" srcset=\"https:\/\/tdssuicidio.com\/wp-content\/uploads\/2025\/11\/tota-la-taula-1-768x432.jpeg 768w, https:\/\/tdssuicidio.com\/wp-content\/uploads\/2025\/11\/tota-la-taula-1-300x169.jpeg 300w, https:\/\/tdssuicidio.com\/wp-content\/uploads\/2025\/11\/tota-la-taula-1-1024x575.jpeg 1024w, https:\/\/tdssuicidio.com\/wp-content\/uploads\/2025\/11\/tota-la-taula-1-1536x863.jpeg 1536w, https:\/\/tdssuicidio.com\/wp-content\/uploads\/2025\/11\/tota-la-taula-1.jpeg 1600w\" sizes=\"(max-width: 768px) 100vw, 768px\" \/>\t\t\t\t\t\t\t\t\t\t\t\t\t\t\t<\/div>\n\t\t\t\t<\/div>\n\t\t<div class=\"elementor-element elementor-element-e39cf89 e-con-full e-flex e-con e-child\" data-id=\"e39cf89\" data-element_type=\"container\" data-e-type=\"container\">\n\t\t\t\t<div class=\"elementor-element elementor-element-f4b115d elementor-widget elementor-widget-image\" data-id=\"f4b115d\" data-element_type=\"widget\" data-e-type=\"widget\" data-widget_type=\"image.default\">\n\t\t\t\t\t\t\t\t\t\t\t\t\t\t\t<img decoding=\"async\" width=\"768\" height=\"432\" src=\"https:\/\/tdssuicidio.com\/wp-content\/uploads\/2025\/11\/taula-768x432.jpeg\" class=\"attachment-medium_large size-medium_large wp-image-2157\" alt=\"\" srcset=\"https:\/\/tdssuicidio.com\/wp-content\/uploads\/2025\/11\/taula-768x432.jpeg 768w, https:\/\/tdssuicidio.com\/wp-content\/uploads\/2025\/11\/taula-300x169.jpeg 300w, https:\/\/tdssuicidio.com\/wp-content\/uploads\/2025\/11\/taula-1024x576.jpeg 1024w, https:\/\/tdssuicidio.com\/wp-content\/uploads\/2025\/11\/taula-1536x864.jpeg 1536w, https:\/\/tdssuicidio.com\/wp-content\/uploads\/2025\/11\/taula.jpeg 2000w\" sizes=\"(max-width: 768px) 100vw, 768px\" \/>\t\t\t\t\t\t\t\t\t\t\t\t\t\t\t<\/div>\n\t\t\t\t<\/div>\n\t\t\t\t\t<\/div>\n\t\t\t\t<\/div>\n\t\t<div class=\"elementor-element elementor-element-b27cdca e-grid e-con-boxed e-con e-parent\" data-id=\"b27cdca\" data-element_type=\"container\" data-e-type=\"container\">\n\t\t\t\t\t<div class=\"e-con-inner\">\n\t\t\t\t<div class=\"elementor-element elementor-element-5095881 elementor-align-start elementor-icon-list--layout-traditional elementor-list-item-link-full_width elementor-widget elementor-widget-icon-list\" data-id=\"5095881\" data-element_type=\"widget\" data-e-type=\"widget\" data-widget_type=\"icon-list.default\">\n\t\t\t\t\t\t\t<ul class=\"elementor-icon-list-items\">\n\t\t\t\t\t\t\t<li class=\"elementor-icon-list-item\">\n\t\t\t\t\t\t\t\t\t\t\t<a href=\"https:\/\/www.emporda.info\/comarca\/2025\/11\/27\/figueres-obre-debat-suicidi-eutanasia-mort-digna-124179600.html%20\" target=\"_blank\">\n\n\t\t\t\t\t\t\t\t\t\t\t\t<span class=\"elementor-icon-list-icon\">\n\t\t\t\t\t\t\t<svg aria-hidden=\"true\" class=\"e-font-icon-svg e-fas-check\" viewBox=\"0 0 512 512\" xmlns=\"http:\/\/www.w3.org\/2000\/svg\"><path d=\"M173.898 439.404l-166.4-166.4c-9.997-9.997-9.997-26.206 0-36.204l36.203-36.204c9.997-9.998 26.207-9.998 36.204 0L192 312.69 432.095 72.596c9.997-9.997 26.207-9.997 36.204 0l36.203 36.204c9.997 9.997 9.997 26.206 0 36.204l-294.4 294.401c-9.998 9.997-26.207 9.997-36.204-.001z\"><\/path><\/svg>\t\t\t\t\t\t<\/span>\n\t\t\t\t\t\t\t\t\t\t<span class=\"elementor-icon-list-text\">Enlace Empord\u00e0 27-11-25<\/span>\n\t\t\t\t\t\t\t\t\t\t\t<\/a>\n\t\t\t\t\t\t\t\t\t<\/li>\n\t\t\t\t\t\t<\/ul>\n\t\t\t\t\t\t<\/div>\n\t\t\t\t<div class=\"elementor-element elementor-element-875e1cc elementor-align-start elementor-icon-list--layout-traditional elementor-list-item-link-full_width elementor-widget elementor-widget-icon-list\" data-id=\"875e1cc\" data-element_type=\"widget\" data-e-type=\"widget\" data-widget_type=\"icon-list.default\">\n\t\t\t\t\t\t\t<ul class=\"elementor-icon-list-items\">\n\t\t\t\t\t\t\t<li class=\"elementor-icon-list-item\">\n\t\t\t\t\t\t\t\t\t\t\t<span class=\"elementor-icon-list-icon\">\n\t\t\t\t\t\t\t<svg aria-hidden=\"true\" class=\"e-font-icon-svg e-fas-check\" viewBox=\"0 0 512 512\" xmlns=\"http:\/\/www.w3.org\/2000\/svg\"><path d=\"M173.898 439.404l-166.4-166.4c-9.997-9.997-9.997-26.206 0-36.204l36.203-36.204c9.997-9.998 26.207-9.998 36.204 0L192 312.69 432.095 72.596c9.997-9.997 26.207-9.997 36.204 0l36.203 36.204c9.997 9.997 9.997 26.206 0 36.204l-294.4 294.401c-9.998 9.997-26.207 9.997-36.204-.001z\"><\/path><\/svg>\t\t\t\t\t\t<\/span>\n\t\t\t\t\t\t\t\t\t\t<span class=\"elementor-icon-list-text\">Enlace  <\/span>\n\t\t\t\t\t\t\t\t\t<\/li>\n\t\t\t\t\t\t<\/ul>\n\t\t\t\t\t\t<\/div>\n\t\t\t\t\t<\/div>\n\t\t\t\t<\/div>\n\t\t<div class=\"elementor-element elementor-element-ff3a9af e-grid e-con-boxed e-con e-parent\" data-id=\"ff3a9af\" data-element_type=\"container\" data-e-type=\"container\">\n\t\t\t\t\t<div class=\"e-con-inner\">\n\t\t\t\t<div class=\"elementor-element elementor-element-9697fd2 elementor-widget elementor-widget-image\" data-id=\"9697fd2\" data-element_type=\"widget\" data-e-type=\"widget\" data-widget_type=\"image.default\">\n\t\t\t\t\t\t\t\t\t\t\t\t\t\t\t<img decoding=\"async\" width=\"450\" height=\"636\" src=\"https:\/\/tdssuicidio.com\/wp-content\/uploads\/2025\/11\/Cartell-Eutanasia-e1763979093313.png\" class=\"attachment-full size-full wp-image-2154\" alt=\"\" \/>\t\t\t\t\t\t\t\t\t\t\t\t\t\t\t<\/div>\n\t\t\t\t<div class=\"elementor-element elementor-element-457701d elementor-widget elementor-widget-text-editor\" data-id=\"457701d\" data-element_type=\"widget\" data-e-type=\"widget\" data-widget_type=\"text-editor.default\">\n\t\t\t\t\t\t\t\t\t<p>El mi\u00e9rcoles 26 de noviembre a las 19:00 h, en el Cercle Sport de Figueres, abrimos un espacio de di\u00e1logo sereno y profundo.<br data-start=\"96\" data-end=\"99\">Hablaremos de Suicidio, Eutanasia y Final de vida con profesionales de la salud, el \u00e1mbito social y el mundo jur\u00eddico.<br data-start=\"209\" data-end=\"212\">La jornada se enmarca en el D\u00eda Internacional del Superviviente y quiere dar voz a un duelo a menudo silenciado.<br data-start=\"315\" data-end=\"318\">Presentaremos la nueva Gu\u00eda para Supervivientes de un Suicidio, elaborada por la Asociaci\u00f3n Tramuntana \u2013 Despr\u00e9s del Su\u00efcidi (TDS).<br data-start=\"442\" data-end=\"445\">La gu\u00eda ofrece orientaci\u00f3n pr\u00e1ctica, recursos y palabras de apoyo para familias y entornos afectados.<br data-start=\"546\" data-end=\"549\">El acto tendr\u00e1 lugar a las 19 h y est\u00e1 abierto a personas, profesionales e instituciones interesadas.<br data-start=\"646\" data-end=\"649\">Queremos generar un espacio de escucha, respeto y preguntas compartidas sobre el final de la vida.<br data-start=\"742\" data-end=\"745\">Les esperamos para seguir construyendo, entre todos, una cultura de cuidado y Postvenci\u00f3n en nuestro territorio.<\/p>\t\t\t\t\t\t\t\t<\/div>\n\t\t\t\t<div class=\"elementor-element elementor-element-a4d224c elementor-widget elementor-widget-button\" data-id=\"a4d224c\" data-element_type=\"widget\" data-e-type=\"widget\" data-widget_type=\"button.default\">\n\t\t\t\t\t\t\t\t\t\t<a class=\"elementor-button elementor-button-link elementor-size-sm\" href=\"#\">\n\t\t\t\t\t\t<span class=\"elementor-button-content-wrapper\">\n\t\t\t\t\t\t\t\t\t<span class=\"elementor-button-text\">Haga clic aqu\u00ed<\/span>\n\t\t\t\t\t<\/span>\n\t\t\t\t\t<\/a>\n\t\t\t\t\t\t\t\t<\/div>\n\t\t\t\t\t<\/div>\n\t\t\t\t<\/div>\n\t\t<div class=\"elementor-element elementor-element-a2f2612 e-flex e-con-boxed e-con e-parent\" data-id=\"a2f2612\" data-element_type=\"container\" data-e-type=\"container\">\n\t\t\t\t\t<div class=\"e-con-inner\">\n\t\t\t\t<div class=\"elementor-element elementor-element-3421c36 elementor-widget elementor-widget-image\" data-id=\"3421c36\" data-element_type=\"widget\" data-e-type=\"widget\" data-widget_type=\"image.default\">\n\t\t\t\t\t\t\t\t\t\t\t\t\t\t\t<img decoding=\"async\" src=\"https:\/\/tdssuicidio.com\/wp-content\/uploads\/2025\/11\/Nota-De-Premsa-Taula-Rodona-Suicidi-Eutanasia-I-Dret-A-Morir-Dignament-\u2013-26-11-25-1.pdf\" title=\"\" alt=\"\" loading=\"lazy\" \/>\t\t\t\t\t\t\t\t\t\t\t\t\t\t\t<\/div>\n\t\t\t\t\t<\/div>\n\t\t\t\t<\/div>\n\t\t\t\t<\/div>\n\t\t","protected":false},"excerpt":{"rendered":"<p>di\u00e1logo sobre Suicidio, Eutanasia y Derecho a Morir Dignamente Figueres abre un espacio de di\u00e1logo sobre Suicidio, Eutanasia y Derecho a Morir DignamenteLa mesa redonda, organizada por la Asociaci\u00f3n Tramuntana Despr\u00e9s del Su\u00efcidi (TDS), re\u00fane a expertos y supervivientes para diferenciar conceptos y defender una vida y una muerte dignasAyer por la noche, en el [&hellip;]<\/p>\n","protected":false},"author":2,"featured_media":0,"comment_status":"closed","ping_status":"closed","sticky":false,"template":"","format":"standard","meta":{"footnotes":""},"categories":[36,37,10],"tags":[],"class_list":["post-2153","post","type-post","status-publish","format-standard","hentry","category-jornadas-hablemos","category-noticias","category-sin-categoria"],"_links":{"self":[{"href":"https:\/\/tdssuicidio.com\/es\/wp-json\/wp\/v2\/posts\/2153","targetHints":{"allow":["GET"]}}],"collection":[{"href":"https:\/\/tdssuicidio.com\/es\/wp-json\/wp\/v2\/posts"}],"about":[{"href":"https:\/\/tdssuicidio.com\/es\/wp-json\/wp\/v2\/types\/post"}],"author":[{"embeddable":true,"href":"https:\/\/tdssuicidio.com\/es\/wp-json\/wp\/v2\/users\/2"}],"replies":[{"embeddable":true,"href":"https:\/\/tdssuicidio.com\/es\/wp-json\/wp\/v2\/comments?post=2153"}],"version-history":[{"count":1,"href":"https:\/\/tdssuicidio.com\/es\/wp-json\/wp\/v2\/posts\/2153\/revisions"}],"predecessor-version":[{"id":2158,"href":"https:\/\/tdssuicidio.com\/es\/wp-json\/wp\/v2\/posts\/2153\/revisions\/2158"}],"wp:attachment":[{"href":"https:\/\/tdssuicidio.com\/es\/wp-json\/wp\/v2\/media?parent=2153"}],"wp:term":[{"taxonomy":"category","embeddable":true,"href":"https:\/\/tdssuicidio.com\/es\/wp-json\/wp\/v2\/categories?post=2153"},{"taxonomy":"post_tag","embeddable":true,"href":"https:\/\/tdssuicidio.com\/es\/wp-json\/wp\/v2\/tags?post=2153"}],"curies":[{"name":"wp","href":"https:\/\/api.w.org\/{rel}","templated":true}]}}